{"id":11249,"date":"2024-06-05T13:30:21","date_gmt":"2024-06-05T11:30:21","guid":{"rendered":"https:\/\/www.psidomov.cz\/?p=11249"},"modified":"2025-01-02T21:13:05","modified_gmt":"2025-01-02T19:13:05","slug":"pochvala-ktera-potesi","status":"publish","type":"post","link":"https:\/\/www.psidomov.cz\/?p=11249","title":{"rendered":"Pochvala, kter\u00e1 pot\u011b\u0161\u00ed"},"content":{"rendered":"<p>Dobr\u00fd den,<\/p>\n<div>cht\u011bli bychom V\u00e1s informovat o na\u0161ich n\u00e1v\u0161t\u011bv\u00e1ch v \u00fatulku &#8222;Ps\u00ed domov&#8220; v \u0158epnici, odkud jsme si po n\u011bkolika n\u00e1v\u0161t\u011bv\u00e1ch odvezli do adopce n\u00e1dhern\u00e9ho psa Svena, \u010ceskoslovensk\u00e9ho vl\u010d\u00e1ka.<\/div>\n<div>Ji\u017e p\u0159i prvn\u00ed n\u00e1v\u0161t\u011bv\u011b jsme poznali, \u017ee jsme na spr\u00e1vn\u00e9m m\u00edst\u011b (a to jsme nav\u0161t\u00edvili n\u011bkolik \u00fatulk\u016f v \u010cR a na Slovensku).<\/div>\n<div>\u010cist\u00e9 a vzdu\u0161n\u00e9 kotce pro pejsky, velk\u00e9 travnat\u00e9 v\u00fdb\u011bhy, v\u0161ude klid a po\u0159\u00e1dek. Lid\u00e9, staraj\u00edc\u00ed se o zv\u00ed\u0159ata mil\u00ed, up\u0159\u00edmn\u00ed, znal\u00ed v\u011bc\u00ed. Na spole\u010dn\u00fdch vych\u00e1zk\u00e1ch se Svenem byl pes v\u017edy p\u0159ipraven, \u010dist\u00fd a pln\u00fd optimismu. Vych\u00e1zky jsme pl\u00e1novali v\u017edy 2 x denn\u011b, prvn\u00ed byla spole\u010dn\u00e1 s majitelkou \u00fatulku Janou Kymrovou, dcerou zakladatelky \u00fatulku pan\u00ed Mileny Maskulanisov\u00e9, kter\u00e1 si n\u00e1s &#8222;proklepla&#8220;, budeme-li vhodn\u00fdmi Svenov\u00fdmi &#8222;p\u00e1ni\u010dky&#8220;.<\/div>\n<div>Sven u n\u00e1s ji\u017e 3. t\u00fdden b\u011bh\u00e1 po zahrad\u011b s na\u0161\u00ed fenou \u010cSV Amy. Je to mil\u00fd, poslu\u0161n\u00fd a opravdu n\u00e1dhern\u00fd pes s vl\u010d\u00ed krv\u00ed.<\/div>\n<div>Moc v\u0161em d\u011bkujeme za p\u0159\u00edstup a pomoc.<\/div>\n<div>JUDr. Dalimila a Mgr. Bohuslav Bajerovi, Lipov\u00e1 okr. Prost\u011bjov, Drahansk\u00e1 vrchovina<\/div>\n<div><a href=\"https:\/\/www.psidomov.cz\/wp-content\/uploads\/2024\/06\/Sven1-scaled.jpg\"><img loading=\"lazy\" decoding=\"async\" class=\"alignleft size-medium wp-image-11250\" src=\"https:\/\/www.psidomov.cz\/wp-content\/uploads\/2024\/06\/Sven1-135x300.jpg\" alt=\"\" width=\"135\" height=\"300\" \/><\/a><\/div>\n<div><\/div>\n<div><\/div>\n<div><\/div>\n<div><\/div>\n<div><\/div>\n<div><\/div>\n<div><\/div>\n<div><\/div>\n<div><\/div>\n<div><\/div>\n<div><\/div>\n<div><\/div>\n<div><\/div>\n<div><\/div>\n<div><strong>P\u0159e\u010dt\u011bte si tak\u00e9 dopis panu starostovi:<\/strong><\/div>\n<div>\n<p><span style=\"font-family: Times New Roman, serif;\"><span style=\"font-size: medium;\">Dobr\u00fd den,<\/span><\/span><\/p>\n<p><span style=\"font-family: Times New Roman, serif;\"><span style=\"font-size: medium;\">cht\u011bli bychom moc pod\u011bkovat v\u0161em, kte\u0159\u00ed n\u00e1m pom\u00e1hali naj\u00edt &#8222;par\u0165\u00e1ka&#8220; k na\u0161\u00ed fen\u011b \u010ceskoslovensk\u00e9ho vl\u010d\u00e1ka Amy. <\/span><\/span><span style=\"font-family: Times New Roman, serif;\"><span style=\"font-size: medium;\">Rok, mo\u017en\u00e1 i d\u00e9le, jezd\u00edme po cel\u00e9 \u010cR a Slovensku. <\/span><\/span><span style=\"font-family: Times New Roman, serif;\"><span style=\"font-size: medium;\">Postupn\u011b jsme nav\u0161t\u00edvili ps\u00ed \u00fatulky v Adamov\u011b u Blanska, kde jsme se \u00fa\u010dastnili v\u00fdcviku \u010cSV (\u010deskoslovensk\u00fdch vl\u010d\u00e1k\u016f),\u00a0 <\/span><\/span><span style=\"font-family: Times New Roman, serif;\"><span style=\"font-size: medium;\">chodili jsme spole\u010dn\u011b s Amy ven\u010dit Nera. Nepovedlo se&#8230;Nero m\u011bl v\u011bt\u0161\u00ed chu\u0165 vracet se do \u00fatulku a nev\u011b\u0159il v lep\u0161\u00ed \u017eivot.<\/span><\/span><\/p>\n<p><span style=\"font-family: Times New Roman, serif;\"><span style=\"font-size: medium;\">V \u00fatulku byl ji\u017e 5 let a &#8222;m\u011bl svoje jist\u00e9&#8220;. <\/span><\/span><span style=\"font-family: Times New Roman, serif;\"><span style=\"font-size: medium;\">5 x jsme zaj\u00ed\u017ed\u011bli do Orlov\u00e9 za Jimmym. Jimmy byl spolu s n\u00e1mi r\u00e1d, Amy nebyla p\u0159ek\u00e1\u017ekou. Bohu\u017eel veden\u00ed \u00fatulku dalo <\/span><\/span><span style=\"font-family: Times New Roman, serif;\"><span style=\"font-size: medium;\">p\u0159ednost m\u00edstn\u00ed firm\u011b, kde pes bude hl\u00eddat objekt (pro Jimmyho velk\u00e1 r\u00e1na, \u010cSV je sme\u010dkov\u00e9 zv\u00ed\u0159e a na takovou pr\u00e1ci <\/span><\/span><span style=\"font-family: Times New Roman, serif;\"><span style=\"font-size: medium;\">se nehod\u00ed)&#8230;je n\u00e1m ho l\u00edto.<\/span><\/span><\/p>\n<p><span style=\"font-family: Times New Roman, serif;\"><span style=\"font-size: medium;\">Dal\u0161\u00ed v po\u0159ad\u00ed byl Imro, n\u00e1dhern\u00fd obrovsk\u00fd pes \u010cSV z Oravy. I zde jsme byli 3 dny a 5 x jsme byli na spole\u010dn\u00fdch vych\u00e1zk\u00e1ch <\/span><\/span><span style=\"font-family: Times New Roman, serif;\"><span style=\"font-size: medium;\">s ob\u011bma psy. Bohu\u017eel Imro po zran\u011bn\u00ed p\u00e1te\u0159e nedok\u00e1zal uj\u00edt v\u011bt\u0161\u00ed vzd\u00e1lenost a byl by sice vd\u011b\u010dn\u00fd, ale\u00a0 odsouzen\u00fd jen na zahr\u00e1dku <\/span><\/span><span style=\"font-family: Times New Roman, serif;\"><span style=\"font-size: medium;\">rodinn\u00e9ho domku.<\/span><\/span><\/p>\n<p><span style=\"font-family: Times New Roman, serif;\"><span style=\"font-size: medium;\">Vyzkou\u0161eli jsme i jin\u00e1 plemena, \u017e\u00e1dn\u00e1 ale nebyla pro na\u0161i Amy vhodn\u00fdm partnerem.<\/span><\/span><\/p>\n<p><span style=\"font-family: Times New Roman, serif;\"><span style=\"font-size: medium;\"><b>KONE\u010cN\u011a<\/b><\/span><\/span><span style=\"font-family: Times New Roman, serif;\"><span style=\"font-size: medium;\"> se n\u00e1m poda\u0159ilo naj\u00edt toho prav\u00e9ho ! A hlavn\u011b \u00fatulek, kde pro zv\u00ed\u0159ata jeho majitel\u00e9 cht\u011bj\u00ed jen to nejlep\u0161\u00ed, <\/span><\/span><span style=\"font-family: Times New Roman, serif;\"><span style=\"font-size: medium;\">kde pejsci maj\u00ed \u010dist\u00e9 kotce s dostatkem \u017er\u00e1dla a velk\u00fdm v\u00fdb\u011bhem. Kde je n\u011bkdo pohlad\u00ed, kde se o n\u011b staraj\u00ed po v\u0161ech <\/span><\/span><span style=\"font-family: Times New Roman, serif;\"><span style=\"font-size: medium;\">str\u00e1nk\u00e1ch. KDE je takov\u00fd r\u00e1j pro zv\u00ed\u0159ec\u00ed &#8222;du\u0161i\u010dky&#8220;?<\/span><\/span><br \/>\n<span style=\"font-family: Times New Roman, serif;\"><span style=\"font-size: medium;\"><b>Ps\u00ed domov <\/b><\/span><\/span><span style=\"font-family: Times New Roman, serif;\"><span style=\"font-size: medium;\">&#8211; soukrom\u00fd \u00fatulek, kter\u00fd je opravdu z\u00e1zem\u00edm pro ne\u0161\u0165astn\u00e9 du\u0161i\u010dky, kter\u00e9 by cht\u011bly je\u0161t\u011b naj\u00edt <\/span><\/span><span style=\"font-family: Times New Roman, serif;\"><span style=\"font-size: medium;\">nov\u00fd domov. <\/span><\/span><span style=\"font-family: Times New Roman, serif;\"><span style=\"font-size: medium;\"><b>\u0158epnice\u00a0<\/b><\/span><\/span><span style=\"font-family: Times New Roman, serif;\"><span style=\"font-size: medium;\">u\u00a0<\/span><\/span><span style=\"font-family: Times New Roman, serif;\"><span style=\"font-size: medium;\"><b>Litom\u011b\u0159ic\u00a0<\/b><\/span><\/span><span style=\"font-family: Times New Roman, serif;\"><span style=\"font-size: medium;\">! Vynikaj\u00edc\u00ed spolupr\u00e1ce, jak\u00e1koliv starost o pejsky a jejich budouc\u00ed p\u00e1n\u00ed\u010dky.<\/span><\/span><\/p>\n<p><a name=\"_GoBack\"><\/a> <span style=\"font-family: Times New Roman, serif;\"><span style=\"font-size: medium;\">I kdy\u017e jedna cesta tam i zp\u011bt z Drahansk\u00e9 vrchoviny je 720 km, nelitovali jsme&#8230;4 n\u00e1v\u0161t\u011bvy, v\u017edy s noclehem a vych\u00e1zkami, aby <\/span><\/span><span style=\"font-family: Times New Roman, serif;\"><span style=\"font-size: medium;\">jsme se co nejl\u00e9pe poznali. P\u0159\u00edjemn\u00e9 prost\u0159ed\u00ed, p\u0159\u00edjemn\u00ed lid\u00e9, hezk\u00e9 po\u010das\u00ed. <\/span><\/span><span style=\"font-family: Times New Roman, serif;\"><span style=\"font-size: medium;\">Svena jsme si odvezli, s\u00e1m sko\u010dil do p\u0159epravn\u00ed klece do auta, spokojen\u00fd, dlouhou cestu do nov\u00e9ho domova s p\u0159est\u00e1vkami <\/span><\/span><span style=\"font-family: Times New Roman, serif;\"><span style=\"font-size: medium;\">absolvoval opravdu skv\u011ble.<\/span><\/span><br \/>\n<span style=\"font-family: Times New Roman, serif;\"><span style=\"font-size: medium;\">D\u011bkujeme touto cestou <\/span><\/span><span style=\"font-family: Times New Roman, serif;\"><span style=\"font-size: medium;\"><b>V\u0160EM<\/b><\/span><\/span><span style=\"font-family: Times New Roman, serif;\"><span style=\"font-size: medium;\">, kte\u0159\u00ed n\u00e1m pom\u00e1hali naj\u00edt Svena (<\/span><\/span><span style=\"font-family: Times New Roman, serif;\"><span style=\"font-size: medium;\"><b>Dan\u011b Matu\u0161incov\u00e9<\/b><\/span><\/span><span style=\"font-family: Times New Roman, serif;\"><span style=\"font-size: medium;\">, evropsky uzn\u00e1van\u00e9 odbornici <\/span><\/span><span style=\"font-family: Times New Roman, serif;\"><span style=\"font-size: medium;\">p\u0159es genetiku \u010cSV), <\/span><\/span><span style=\"font-family: Times New Roman, serif;\"><span style=\"font-size: medium;\"><b>Ivan\u011b Gahan Tomkov\u00e9<\/b><\/span><\/span><span style=\"font-family: Times New Roman, serif;\"><span style=\"font-size: medium;\">, majitelce chovn\u00e9 stanice\u00a0<\/span><\/span><span style=\"font-family: Times New Roman, serif;\"><span style=\"font-size: medium;\"><i><b>Vl\u010d\u00ed \u0161t\u011bst\u00ed<\/b><\/i><\/span><\/span><span style=\"font-family: Times New Roman, serif;\"><span style=\"font-size: medium;\">), panu <\/span><\/span><span style=\"font-family: Times New Roman, serif;\"><span style=\"font-size: medium;\"><i><b>starostovi Libochovan u \u0158epnice<\/b><\/i><\/span><\/span> <span style=\"font-family: Times New Roman, serif;\"><span style=\"font-size: medium;\">a <\/span><\/span><span style=\"font-family: Times New Roman, serif;\"><span style=\"font-size: medium;\"><i><b>man\u017eel\u016fm \u010cern\u00fdm z penzionu Vik\u00e1rka v Litom\u011b\u0159ic\u00edch<\/b><\/i><\/span><\/span><span style=\"font-family: Times New Roman, serif;\"><span style=\"font-size: medium;\">, kte\u0159\u00ed n\u00e1m a Amy poskytli noclehy).<\/span><\/span><\/p>\n<p><span style=\"font-family: Times New Roman, serif;\"><span style=\"font-size: medium;\">A nakonec to nejd\u016fle\u017eit\u011bj\u0161\u00ed&#8230;\u00a0<\/span><\/span><span style=\"font-family: Times New Roman, serif;\"><span style=\"font-size: medium;\"><b>Jan\u011b\u00a0<\/b><\/span><\/span><span style=\"font-family: Times New Roman, serif;\"><span style=\"font-size: medium;\">a\u00a0<\/span><\/span><span style=\"font-family: Times New Roman, serif;\"><span style=\"font-size: medium;\"><b>Milen\u011b Maskulanisov\u00fdm\u00a0<\/b><\/span><\/span><span style=\"font-family: Times New Roman, serif;\"><span style=\"font-size: medium;\">z\u00a0<\/span><\/span><span style=\"font-family: Times New Roman, serif;\"><span style=\"font-size: medium;\"><b>Ps\u00edho domova v \u0158epnici.<\/b><\/span><\/span><span style=\"font-family: Times New Roman, serif;\"><span style=\"font-size: medium;\"> \u00da\u017easn\u00fdm lidem, bez kter\u00fdch <\/span><\/span><span style=\"font-family: Times New Roman, serif;\"><span style=\"font-size: medium;\">bychom Svena nepoznali. Lidem, kte\u0159\u00ed pro opu\u0161t\u011bn\u00e9 &#8222;du\u0161i\u010dky&#8220; \u017eij\u00ed a ob\u011btuj\u00ed ve\u0161ker\u00fd \u010das, aby se zv\u00ed\u0159atka m\u011bla co nejl\u00e9pe.<\/span><\/span><\/p>\n<p><span style=\"font-family: Times New Roman, serif;\"><span style=\"font-size: medium;\">Moc d\u011bkujeme.<\/span><\/span><br \/>\n<span style=\"font-family: Times New Roman, serif;\"><span style=\"font-size: medium;\">JUDr. Dalimila a Mgr. Bohuslav Bajerovi, Drahansk\u00e1 vrchovina, Olomouck\u00fd kraj<\/span><\/span><\/p>\n<p>&nbsp;<\/p>\n<\/div>\n<div><\/div>\n<div><\/div>\n<div><\/div>\n","protected":false},"excerpt":{"rendered":"<p>Dobr\u00fd den, cht\u011bli bychom V\u00e1s informovat o na\u0161ich n\u00e1v\u0161t\u011bv\u00e1ch v \u00fatulku &#8222;Ps\u00ed domov&#8220; v \u0158epnici, odkud jsme si po n\u011bkolika n\u00e1v\u0161t\u011bv\u00e1ch odvezli do adopce n\u00e1dhern\u00e9ho psa Svena, \u010ceskoslovensk\u00e9ho vl\u010d\u00e1ka. Ji\u017e p\u0159i prvn\u00ed n\u00e1v\u0161t\u011bv\u011b jsme poznali, \u017ee jsme na spr\u00e1vn\u00e9m m\u00edst\u011b (a to jsme nav\u0161t\u00edvili n\u011bkolik \u00fatulk\u016f v \u010cR a na Slovensku). \u010cist\u00e9 a vzdu\u0161n\u00e9 kotce&#46;&#46;&#46;<\/p>\n","protected":false},"author":1,"featured_media":11250,"comment_status":"closed","ping_status":"closed","sticky":false,"template":"","format":"standard","meta":{"footnotes":"","jetpack_publicize_message":"","jetpack_publicize_feature_enabled":true,"jetpack_social_post_already_shared":false,"jetpack_social_options":{"image_generator_settings":{"template":"highway","default_image_id":0,"font":"","enabled":false},"version":2}},"categories":[53],"tags":[],"class_list":["post-11249","post","type-post","status-publish","format-standard","has-post-thumbnail","hentry","category-archiv-2024"],"jetpack_publicize_connections":[],"_links":{"self":[{"href":"https:\/\/www.psidomov.cz\/index.php?rest_route=\/wp\/v2\/posts\/11249","targetHints":{"allow":["GET"]}}],"collection":[{"href":"https:\/\/www.psidomov.cz\/index.php?rest_route=\/wp\/v2\/posts"}],"about":[{"href":"https:\/\/www.psidomov.cz\/index.php?rest_route=\/wp\/v2\/types\/post"}],"author":[{"embeddable":true,"href":"https:\/\/www.psidomov.cz\/index.php?rest_route=\/wp\/v2\/users\/1"}],"replies":[{"embeddable":true,"href":"https:\/\/www.psidomov.cz\/index.php?rest_route=%2Fwp%2Fv2%2Fcomments&post=11249"}],"version-history":[{"count":0,"href":"https:\/\/www.psidomov.cz\/index.php?rest_route=\/wp\/v2\/posts\/11249\/revisions"}],"wp:featuredmedia":[{"embeddable":true,"href":"https:\/\/www.psidomov.cz\/index.php?rest_route=\/wp\/v2\/media\/11250"}],"wp:attachment":[{"href":"https:\/\/www.psidomov.cz\/index.php?rest_route=%2Fwp%2Fv2%2Fmedia&parent=11249"}],"wp:term":[{"taxonomy":"category","embeddable":true,"href":"https:\/\/www.psidomov.cz\/index.php?rest_route=%2Fwp%2Fv2%2Fcategories&post=11249"},{"taxonomy":"post_tag","embeddable":true,"href":"https:\/\/www.psidomov.cz\/index.php?rest_route=%2Fwp%2Fv2%2Ftags&post=11249"}],"curies":[{"name":"wp","href":"https:\/\/api.w.org\/{rel}","templated":true}]}}