{"id":1473,"date":"2017-12-03T13:21:53","date_gmt":"2017-12-03T11:21:53","guid":{"rendered":"http:\/\/www.psidomov.cz\/?p=1473"},"modified":"2019-05-11T10:02:42","modified_gmt":"2019-05-11T08:02:42","slug":"deti-z-detskeho-domova-z-usti-nad-labem","status":"publish","type":"post","link":"https:\/\/www.psidomov.cz\/?p=1473","title":{"rendered":"D\u011bti z D\u011btsk\u00e9ho domova z \u00dast\u00ed nad Labem"},"content":{"rendered":"<p>4. 11. 2018 v dopoledn\u00edch hodin\u00e1ch jsme v \u00fatulku m\u011bli op\u011bt milou n\u00e1v\u0161t\u011bvu.<\/p>\n<div>Tentokr\u00e1t se na ko\u010di\u010dky a pejsky do \u00fatulku p\u0159ijely pod\u00edvat a pot\u011b\u0161it se s nimi d\u011bti z D\u011btsk\u00e9ho domova z \u00dast\u00ed nad Labem. P\u0159ivezly krmen\u00ed a mlsky \u010d\u00edm\u017e pejsk\u016fm ud\u011blali velkou radost. D\u011bkujeme.<\/div>\n<div><\/div>\n<div>Prohl\u00e9dly si are\u00e1l \u00fatulku, pohladily pejsky a ko\u010di\u010dky. D\u011bti jsme sezn\u00e1mily s denn\u00edm re\u017eimem \u00fatulku, k \u010demu slou\u017e\u00ed, co d\u011blat kdy\u017e najdu zv\u00ed\u0159e, kter\u00e9 je evidentn\u011b opu\u0161t\u011bn\u00e9, vyhubl\u00e9 &#8230; vid\u00edm, \u017ee n\u011bkdo ubli\u017euje zv\u00ed\u0159eti, je zran\u011bn\u00e9.<\/div>\n<div>Nakonec jsme si opekli vu\u0159ty a dali tepl\u00fd \u010daj, nebo\u0165 ten den se za\u010d\u00ednala hl\u00e1sit pan\u00ed zima a bylo opravdu chladno.<\/div>\n<div><\/div>\n<div>V\u0161em, kte\u0159\u00ed tuto akci pro d\u011bti uspo\u0159\u00e1dali, moc d\u011bkujeme, bylo to moc mil\u00e9 dopoledne pro n\u00e1s, zv\u00ed\u0159ata v \u00fatulku a snad i pro d\u011bti.<\/div>\n","protected":false},"excerpt":{"rendered":"<p>4. 11. 2018 v dopoledn\u00edch hodin\u00e1ch jsme v \u00fatulku m\u011bli op\u011bt milou n\u00e1v\u0161t\u011bvu. Tentokr\u00e1t se na ko\u010di\u010dky a pejsky do \u00fatulku p\u0159ijely pod\u00edvat a pot\u011b\u0161it se s nimi d\u011bti z D\u011btsk\u00e9ho domova z \u00dast\u00ed nad Labem. P\u0159ivezly krmen\u00ed a mlsky \u010d\u00edm\u017e pejsk\u016fm ud\u011blali velkou radost. D\u011bkujeme. Prohl\u00e9dly si are\u00e1l \u00fatulku, pohladily pejsky a ko\u010di\u010dky. D\u011bti&#46;&#46;&#46;<\/p>\n","protected":false},"author":1,"featured_media":0,"comment_status":"closed","ping_status":"closed","sticky":false,"template":"","format":"standard","meta":{"footnotes":"","jetpack_publicize_message":"","jetpack_publicize_feature_enabled":true,"jetpack_social_post_already_shared":false,"jetpack_social_options":{"image_generator_settings":{"template":"highway","default_image_id":0,"font":"","enabled":false},"version":2}},"categories":[24],"tags":[],"class_list":["post-1473","post","type-post","status-publish","format-standard","hentry","category-archiv-2017"],"jetpack_publicize_connections":[],"_links":{"self":[{"href":"https:\/\/www.psidomov.cz\/index.php?rest_route=\/wp\/v2\/posts\/1473","targetHints":{"allow":["GET"]}}],"collection":[{"href":"https:\/\/www.psidomov.cz\/index.php?rest_route=\/wp\/v2\/posts"}],"about":[{"href":"https:\/\/www.psidomov.cz\/index.php?rest_route=\/wp\/v2\/types\/post"}],"author":[{"embeddable":true,"href":"https:\/\/www.psidomov.cz\/index.php?rest_route=\/wp\/v2\/users\/1"}],"replies":[{"embeddable":true,"href":"https:\/\/www.psidomov.cz\/index.php?rest_route=%2Fwp%2Fv2%2Fcomments&post=1473"}],"version-history":[{"count":0,"href":"https:\/\/www.psidomov.cz\/index.php?rest_route=\/wp\/v2\/posts\/1473\/revisions"}],"wp:attachment":[{"href":"https:\/\/www.psidomov.cz\/index.php?rest_route=%2Fwp%2Fv2%2Fmedia&parent=1473"}],"wp:term":[{"taxonomy":"category","embeddable":true,"href":"https:\/\/www.psidomov.cz\/index.php?rest_route=%2Fwp%2Fv2%2Fcategories&post=1473"},{"taxonomy":"post_tag","embeddable":true,"href":"https:\/\/www.psidomov.cz\/index.php?rest_route=%2Fwp%2Fv2%2Ftags&post=1473"}],"curies":[{"name":"wp","href":"https:\/\/api.w.org\/{rel}","templated":true}]}}