{"id":2227,"date":"2018-10-02T12:26:47","date_gmt":"2018-10-02T10:26:47","guid":{"rendered":"http:\/\/www.psidomov.cz\/?p=2227"},"modified":"2019-05-11T10:10:22","modified_gmt":"2019-05-11T08:10:22","slug":"kde-konci-sluzebni-vojensti-policejni-vodici-psi-kteri-doslouzili-svemu-ucelu","status":"publish","type":"post","link":"https:\/\/www.psidomov.cz\/?p=2227","title":{"rendered":"Kde kon\u010d\u00ed\u00a0slu\u017eebn\u00ed vojen\u0161t\u00ed, policejn\u00ed, vod\u00edc\u00ed &#8230; psi, kte\u0159\u00ed ,,doslou\u017eili&#8220; sv\u00e9mu \u00fa\u010delu?"},"content":{"rendered":"<div><b>T\u00e9ma, nad kter\u00fdm se \u010dasto zam\u00fd\u0161l\u00edme a \u0159e\u0161\u00edme v \u00fatulku: Kde kon\u010d\u00ed\u00a0<\/b>slu\u017eebn\u00ed vojen\u0161t\u00ed, policejn\u00ed, vod\u00edc\u00ed&#8230;psi, kte\u0159\u00ed ,,doslou\u017eili&#8220; sv\u00e9mu \u00fa\u010delu?<\/div>\n<div>Tento a nejen osud Glorie n\u00e1s p\u0159iv\u00e1d\u00ed k t\u00e9to ot\u00e1zce, kterou se ji\u017e n\u011bkolik let zab\u00fdv\u00e1me Te\u010f mluv\u00edm konkr\u00e9tn\u011b o na\u0161ich zku\u0161enostech z na\u0161eho \u00fatulku.<\/div>\n<div>Zrovna tak jako st\u00e1rnou a dosluhuj\u00ed slepe\u010dt\u00ed a vod\u00edc\u00ed psi, tak i policejn\u00ed a vojen\u0161t\u00ed. Zv\u00ed\u0159e, kter\u00e9 bylo vycvi\u010deno k ur\u010dit\u00e9 slu\u017eb\u011b \u010dlov\u011bku, ve sv\u00fdch 8-10 letech jde ji\u017e do ,,v\u00fdslu\u017eby&#8220;.<\/div>\n<div>Pokud m\u00e1 pes \u0161t\u011bst\u00ed, a\u0165 voj\u00e1k nebo policista, psovod si jej vezme dom\u016f. Jen\u017ee, sami moc dob\u0159e v\u00edme, \u017ee ne v\u017edy, to jde.<\/div>\n<div>\u00a0nen\u00ed to poprv\u00e9 kdy se na n\u00e1s obrac\u00ed n\u011bkdo kdo pracoval s takov\u00fdmto psem, a zv\u00ed\u0159eti nyn\u00ed hroz\u00ed nap\u0159. utracen\u00ed, proto\u017ee ji\u017e nen\u00ed schopno ,,slu\u017eby&#8220;, je tzv. pap\u00edrov\u011b ji\u017e star\u00e9.<\/div>\n<div>Dnes a denn\u011b smutn\u011b kouk\u00e1me na lidi, po\u0159ady, kte\u0159\u00ed propaguj\u00ed z\u00e1chranu ps\u016f aj. zv\u00ed\u0159at z jin\u00fdch zem\u00ed nebo je tzv. ,,zachr\u00e1n\u00ed&#8220; z ,,mno\u017e\u00edrny&#8220;! To bychom se dostali na velmi \u0161irok\u00e9 t\u00e9ma, kam a\u017e nechceme.<\/div>\n<div>Kdo, ale zachr\u00e1n\u00ed ty na\u0161e psy, kte\u0159\u00ed kdy\u017e maj\u00ed \u0161t\u011bst\u00ed, skon\u010d\u00ed v p\u0159epln\u011bn\u00fdch \u00fatulc\u00edch a \u010dekaj\u00ed nekone\u010dn\u011b dlouh\u00e9 dny, t\u00fddny, m\u011bs\u00edce a leckdy se ani nedo\u010dkaj\u00ed &#8230; na nov\u00e9ho p\u00e1na?<\/div>\n<div>Setk\u00e1v\u00e1me se s argumenty: \u017ee se v jin\u00fdch zem\u00edch psi utr\u00e1cej\u00ed, a u n\u00e1s ne! Tud\u00ed\u017e je mus\u00ed do na\u0161\u00ed mal\u00e9 ,nejen necht\u011bn\u00fdmi psy p\u0159epln\u011bn\u00e9 republiky dov\u00e9zt! Ka\u017ed\u00e1 zem\u011b m\u00e1 vl\u00e1du, ochran\u00e1\u0159sk\u00e9 organizace, ob\u010dany, kte\u0159\u00ed, tak jako my u n\u00e1s, mus\u00ed bojovat za sv\u00e1 zv\u00ed\u0159ata, za to, aby to tak nebylo! Nen\u00ed \u0159e\u0161en\u00edm vyv\u00e1\u017eet p\u00e1r jedinc\u016f a ostatn\u00ed nechat trp\u011bt! Mus\u00ed si lid\u00e9 v t\u00e9 zemi sami ud\u011blat po\u0159\u00e1dek, tak jak se o to sna\u017e\u00edme my tady!<\/div>\n<div><b>U n\u00e1s ji\u017e mnoho let \u00fatulky, ochran\u00e1\u0159sk\u00e9 organizace aj. jezd\u00ed do parlamentu, do sen\u00e1tu a diskutuj\u00ed a bojuj\u00ed za to, aby zv\u00ed\u0159ata u n\u00e1s nebyla utr\u00e1cena nejen v \u00fatulc\u00edch. Zat\u00edm \u00fasp\u011b\u0161n\u011b (nap\u0159. zv\u00ed\u0159e ji\u017e nen\u00ed v\u011bc, ale \u017eiv\u00fd tvor, novelizoval se z\u00e1kon na ochranu zv\u00ed\u0159at). Stoj\u00ed n\u00e1s to p\u0159i na\u0161\u00ed pr\u00e1ci v \u00fatulku opravdu mnoho \u00fasil\u00ed a vlastn\u00ed \u010das.\u00a0<\/b><\/div>\n<div><b>\u00a0Proto je d\u016fle\u017eit\u00e9, aby i ob\u010dan\u00e9 pomohli na\u0161im vyslou\u017eil\u00fdm ps\u016fm a zv\u00ed\u0159at\u016fm z na\u0161ich \u00fatulk\u016f!<\/b><\/div>\n","protected":false},"excerpt":{"rendered":"<p>T\u00e9ma, nad kter\u00fdm se \u010dasto zam\u00fd\u0161l\u00edme a \u0159e\u0161\u00edme v \u00fatulku: Kde kon\u010d\u00ed\u00a0slu\u017eebn\u00ed vojen\u0161t\u00ed, policejn\u00ed, vod\u00edc\u00ed&#8230;psi, kte\u0159\u00ed ,,doslou\u017eili&#8220; sv\u00e9mu \u00fa\u010delu? Tento a nejen osud Glorie n\u00e1s p\u0159iv\u00e1d\u00ed k t\u00e9to ot\u00e1zce, kterou se ji\u017e n\u011bkolik let zab\u00fdv\u00e1me Te\u010f mluv\u00edm konkr\u00e9tn\u011b o na\u0161ich zku\u0161enostech z na\u0161eho \u00fatulku. Zrovna tak jako st\u00e1rnou a dosluhuj\u00ed slepe\u010dt\u00ed a vod\u00edc\u00ed psi, tak&#46;&#46;&#46;<\/p>\n","protected":false},"author":1,"featured_media":0,"comment_status":"closed","ping_status":"closed","sticky":false,"template":"","format":"standard","meta":{"footnotes":"","jetpack_publicize_message":"","jetpack_publicize_feature_enabled":true,"jetpack_social_post_already_shared":false,"jetpack_social_options":{"image_generator_settings":{"template":"highway","default_image_id":0,"font":"","enabled":false},"version":2}},"categories":[25],"tags":[],"class_list":["post-2227","post","type-post","status-publish","format-standard","hentry","category-archiv-2018"],"jetpack_publicize_connections":[],"_links":{"self":[{"href":"https:\/\/www.psidomov.cz\/index.php?rest_route=\/wp\/v2\/posts\/2227","targetHints":{"allow":["GET"]}}],"collection":[{"href":"https:\/\/www.psidomov.cz\/index.php?rest_route=\/wp\/v2\/posts"}],"about":[{"href":"https:\/\/www.psidomov.cz\/index.php?rest_route=\/wp\/v2\/types\/post"}],"author":[{"embeddable":true,"href":"https:\/\/www.psidomov.cz\/index.php?rest_route=\/wp\/v2\/users\/1"}],"replies":[{"embeddable":true,"href":"https:\/\/www.psidomov.cz\/index.php?rest_route=%2Fwp%2Fv2%2Fcomments&post=2227"}],"version-history":[{"count":0,"href":"https:\/\/www.psidomov.cz\/index.php?rest_route=\/wp\/v2\/posts\/2227\/revisions"}],"wp:attachment":[{"href":"https:\/\/www.psidomov.cz\/index.php?rest_route=%2Fwp%2Fv2%2Fmedia&parent=2227"}],"wp:term":[{"taxonomy":"category","embeddable":true,"href":"https:\/\/www.psidomov.cz\/index.php?rest_route=%2Fwp%2Fv2%2Fcategories&post=2227"},{"taxonomy":"post_tag","embeddable":true,"href":"https:\/\/www.psidomov.cz\/index.php?rest_route=%2Fwp%2Fv2%2Ftags&post=2227"}],"curies":[{"name":"wp","href":"https:\/\/api.w.org\/{rel}","templated":true}]}}