{"id":5942,"date":"2020-12-19T12:52:56","date_gmt":"2020-12-19T10:52:56","guid":{"rendered":"http:\/\/www.psidomov.cz\/?p=5942"},"modified":"2021-03-04T14:42:10","modified_gmt":"2021-03-04T12:42:10","slug":"nase-velike-podekovani-5","status":"publish","type":"post","link":"https:\/\/www.psidomov.cz\/?p=5942","title":{"rendered":"NA\u0160E VELIK\u00c9 POD\u011aKOV\u00c1N\u00cd\u00a0"},"content":{"rendered":"<div>pat\u0159\u00ed v\u0161em lidem a jejich adoptovan\u00fdm pejsk\u016fm, kte\u0159\u00ed pos\u00edlaj\u00ed\u00a0 sv\u00fdm ps\u00edm kamar\u00e1d\u016fm do \u00fatulku d\u00e1re\u010dky pod strome\u010dek. Je to moc mil\u00e9, kdy\u017e si p\u00e1n\u00ed\u010dci na\u0161ich b\u00fdval\u00fdch ps\u00edch sv\u011b\u0159enc\u016f, kte\u0159\u00ed na\u0161li sv\u00e9 \u0161\u0165astn\u00e9 domovy, vzpomenou na ty, kte\u0159\u00ed zat\u00edm na sv\u00e9 nov\u00e9 p\u00e1n\u00ed\u010dky a domovy \u010dekaj\u00ed.<\/div>\n<div><b>Moc V\u00e1m d\u011bkujeme za kr\u00e1sn\u00e9 dopisy i fotky, d\u00e1re\u010dky.. .\u00a0<\/b><\/div>\n<div><\/div>\n<div><b>D\u011aKUJEME V\u00c1M TAK\u00c9, ZA ZASLAN\u00c9 FOTKY <\/b>va\u0161ich pejsk\u016f, kter\u00e9 jste si osvojili od n\u00e1s z \u00fatulku.\u00a0Nav\u0161t\u011bvujete n\u00e1s s nimi, p\u00ed\u0161ete n\u00e1m.<\/div>\n<div>M\u00e1me z toho velikou radost. Je to pro n\u00e1s velik\u00e1 odm\u011bna za na\u0161i pr\u00e1ci !!!<\/div>\n<div>\n<div id=\"attachment_5943\" style=\"width: 130px\" class=\"wp-caption alignleft\"><a href=\"https:\/\/www.psidomov.cz\/wp-content\/uploads\/2020\/12\/balicek-od-psiho-kamarada-ktery-je-jiz-v-novem-domove-pro-kocicky-a-pejsky-v-utulku.jpg\"><img loading=\"lazy\" decoding=\"async\" aria-describedby=\"caption-attachment-5943\" class=\"size-thumbnail wp-image-5943\" src=\"https:\/\/www.psidomov.cz\/wp-content\/uploads\/2020\/12\/balicek-od-psiho-kamarada-ktery-je-jiz-v-novem-domove-pro-kocicky-a-pejsky-v-utulku-120x160.jpg\" alt=\"\" width=\"120\" height=\"160\" srcset=\"https:\/\/www.psidomov.cz\/wp-content\/uploads\/2020\/12\/balicek-od-psiho-kamarada-ktery-je-jiz-v-novem-domove-pro-kocicky-a-pejsky-v-utulku-120x160.jpg 120w, https:\/\/www.psidomov.cz\/wp-content\/uploads\/2020\/12\/balicek-od-psiho-kamarada-ktery-je-jiz-v-novem-domove-pro-kocicky-a-pejsky-v-utulku-225x300.jpg 225w, https:\/\/www.psidomov.cz\/wp-content\/uploads\/2020\/12\/balicek-od-psiho-kamarada-ktery-je-jiz-v-novem-domove-pro-kocicky-a-pejsky-v-utulku.jpg 750w\" sizes=\"auto, (max-width: 120px) 100vw, 120px\" \/><\/a><p id=\"caption-attachment-5943\" class=\"wp-caption-text\">bal\u00ed\u010dek od ps\u00edho kamar\u00e1da, kter\u00fd je ji\u017e v nov\u00e9m domov\u011b, pro ko\u010di\u010dky a pejsky v \u00fatulku<\/p><\/div>\n<div id=\"attachment_5947\" style=\"width: 130px\" class=\"wp-caption alignleft\"><a href=\"https:\/\/www.psidomov.cz\/wp-content\/uploads\/2020\/12\/Petra-Eliska-Adam-a-Tomasek-privezli-osobne-darecky-pro-pejsky.jpg\"><img loading=\"lazy\" decoding=\"async\" aria-describedby=\"caption-attachment-5947\" class=\"size-thumbnail wp-image-5947\" src=\"https:\/\/www.psidomov.cz\/wp-content\/uploads\/2020\/12\/Petra-Eliska-Adam-a-Tomasek-privezli-osobne-darecky-pro-pejsky-120x160.jpg\" alt=\"\" width=\"120\" height=\"160\" srcset=\"https:\/\/www.psidomov.cz\/wp-content\/uploads\/2020\/12\/Petra-Eliska-Adam-a-Tomasek-privezli-osobne-darecky-pro-pejsky-120x160.jpg 120w, https:\/\/www.psidomov.cz\/wp-content\/uploads\/2020\/12\/Petra-Eliska-Adam-a-Tomasek-privezli-osobne-darecky-pro-pejsky-225x300.jpg 225w, https:\/\/www.psidomov.cz\/wp-content\/uploads\/2020\/12\/Petra-Eliska-Adam-a-Tomasek-privezli-osobne-darecky-pro-pejsky.jpg 750w\" sizes=\"auto, (max-width: 120px) 100vw, 120px\" \/><\/a><p id=\"caption-attachment-5947\" class=\"wp-caption-text\">Petra, Eli\u0161ka, Adam a Tom\u00e1\u0161ek p\u0159ivezli osobn\u011b d\u00e1re\u010dky pro pejsky<\/p><\/div>\n<div id=\"attachment_5946\" style=\"width: 130px\" class=\"wp-caption alignleft\"><a href=\"https:\/\/www.psidomov.cz\/wp-content\/uploads\/2020\/12\/Dekujeme-za-krasna-prani-fotky-nasich-byvalych-sverencu.jpg\"><img loading=\"lazy\" decoding=\"async\" aria-describedby=\"caption-attachment-5946\" class=\"size-thumbnail wp-image-5946\" src=\"https:\/\/www.psidomov.cz\/wp-content\/uploads\/2020\/12\/Dekujeme-za-krasna-prani-fotky-nasich-byvalych-sverencu-120x90.jpg\" alt=\"\" width=\"120\" height=\"90\" srcset=\"https:\/\/www.psidomov.cz\/wp-content\/uploads\/2020\/12\/Dekujeme-za-krasna-prani-fotky-nasich-byvalych-sverencu-120x90.jpg 120w, https:\/\/www.psidomov.cz\/wp-content\/uploads\/2020\/12\/Dekujeme-za-krasna-prani-fotky-nasich-byvalych-sverencu-300x225.jpg 300w, https:\/\/www.psidomov.cz\/wp-content\/uploads\/2020\/12\/Dekujeme-za-krasna-prani-fotky-nasich-byvalych-sverencu-768x576.jpg 768w, https:\/\/www.psidomov.cz\/wp-content\/uploads\/2020\/12\/Dekujeme-za-krasna-prani-fotky-nasich-byvalych-sverencu.jpg 1000w\" sizes=\"auto, (max-width: 120px) 100vw, 120px\" \/><\/a><p id=\"caption-attachment-5946\" class=\"wp-caption-text\">D\u011bkujeme za kr\u00e1sn\u00e1 p\u0159\u00e1n\u00ed, fotky, na\u0161ich b\u00fdval\u00fdch sv\u011b\u0159enc\u016f<\/p><\/div>\n<div id=\"attachment_5945\" style=\"width: 130px\" class=\"wp-caption alignleft\"><a href=\"https:\/\/www.psidomov.cz\/wp-content\/uploads\/2020\/12\/darek-pro-utulkova-zvirata-od-kamarada-ktery-ma-jiz-novy-domov.jpg\"><img loading=\"lazy\" decoding=\"async\" aria-describedby=\"caption-attachment-5945\" class=\"size-thumbnail wp-image-5945\" src=\"https:\/\/www.psidomov.cz\/wp-content\/uploads\/2020\/12\/darek-pro-utulkova-zvirata-od-kamarada-ktery-ma-jiz-novy-domov-120x160.jpg\" alt=\"\" width=\"120\" height=\"160\" srcset=\"https:\/\/www.psidomov.cz\/wp-content\/uploads\/2020\/12\/darek-pro-utulkova-zvirata-od-kamarada-ktery-ma-jiz-novy-domov-120x160.jpg 120w, https:\/\/www.psidomov.cz\/wp-content\/uploads\/2020\/12\/darek-pro-utulkova-zvirata-od-kamarada-ktery-ma-jiz-novy-domov-225x300.jpg 225w, https:\/\/www.psidomov.cz\/wp-content\/uploads\/2020\/12\/darek-pro-utulkova-zvirata-od-kamarada-ktery-ma-jiz-novy-domov.jpg 750w\" sizes=\"auto, (max-width: 120px) 100vw, 120px\" \/><\/a><p id=\"caption-attachment-5945\" class=\"wp-caption-text\">d\u00e1rek pro \u00fatulkov\u00e1 zv\u00ed\u0159ata od kamar\u00e1da, kter\u00fd m\u00e1 ji\u017e nov\u00fd domov<\/p><\/div>\n<div id=\"attachment_5944\" style=\"width: 130px\" class=\"wp-caption alignleft\"><a href=\"https:\/\/www.psidomov.cz\/wp-content\/uploads\/2020\/12\/Darecek-pro-pejsky-v-utulku-od-hodnych-lidi.jpg\"><img loading=\"lazy\" decoding=\"async\" aria-describedby=\"caption-attachment-5944\" class=\"size-thumbnail wp-image-5944\" src=\"https:\/\/www.psidomov.cz\/wp-content\/uploads\/2020\/12\/Darecek-pro-pejsky-v-utulku-od-hodnych-lidi-120x160.jpg\" alt=\"\" width=\"120\" height=\"160\" srcset=\"https:\/\/www.psidomov.cz\/wp-content\/uploads\/2020\/12\/Darecek-pro-pejsky-v-utulku-od-hodnych-lidi-120x160.jpg 120w, https:\/\/www.psidomov.cz\/wp-content\/uploads\/2020\/12\/Darecek-pro-pejsky-v-utulku-od-hodnych-lidi-225x300.jpg 225w, https:\/\/www.psidomov.cz\/wp-content\/uploads\/2020\/12\/Darecek-pro-pejsky-v-utulku-od-hodnych-lidi.jpg 750w\" sizes=\"auto, (max-width: 120px) 100vw, 120px\" \/><\/a><p id=\"caption-attachment-5944\" class=\"wp-caption-text\">D\u00e1re\u010dek pro pejsky v \u00fatulku od hodn\u00fdch lid\u00ed<\/p><\/div>\n<\/div>\n","protected":false},"excerpt":{"rendered":"<p>pat\u0159\u00ed v\u0161em lidem a jejich adoptovan\u00fdm pejsk\u016fm, kte\u0159\u00ed pos\u00edlaj\u00ed\u00a0 sv\u00fdm ps\u00edm kamar\u00e1d\u016fm do \u00fatulku d\u00e1re\u010dky pod strome\u010dek. Je to moc mil\u00e9, kdy\u017e si p\u00e1n\u00ed\u010dci na\u0161ich b\u00fdval\u00fdch ps\u00edch sv\u011b\u0159enc\u016f, kte\u0159\u00ed na\u0161li sv\u00e9 \u0161\u0165astn\u00e9 domovy, vzpomenou na ty, kte\u0159\u00ed zat\u00edm na sv\u00e9 nov\u00e9 p\u00e1n\u00ed\u010dky a domovy \u010dekaj\u00ed. Moc V\u00e1m d\u011bkujeme za kr\u00e1sn\u00e9 dopisy i fotky, d\u00e1re\u010dky.. .\u00a0&#46;&#46;&#46;<\/p>\n","protected":false},"author":1,"featured_media":5943,"comment_status":"closed","ping_status":"closed","sticky":false,"template":"","format":"standard","meta":{"footnotes":"","jetpack_publicize_message":"","jetpack_publicize_feature_enabled":true,"jetpack_social_post_already_shared":true,"jetpack_social_options":{"image_generator_settings":{"template":"highway","default_image_id":0,"font":"","enabled":false},"version":2}},"categories":[33],"tags":[],"class_list":["post-5942","post","type-post","status-publish","format-standard","has-post-thumbnail","hentry","category-archiv-2020"],"jetpack_publicize_connections":[],"_links":{"self":[{"href":"https:\/\/www.psidomov.cz\/index.php?rest_route=\/wp\/v2\/posts\/5942","targetHints":{"allow":["GET"]}}],"collection":[{"href":"https:\/\/www.psidomov.cz\/index.php?rest_route=\/wp\/v2\/posts"}],"about":[{"href":"https:\/\/www.psidomov.cz\/index.php?rest_route=\/wp\/v2\/types\/post"}],"author":[{"embeddable":true,"href":"https:\/\/www.psidomov.cz\/index.php?rest_route=\/wp\/v2\/users\/1"}],"replies":[{"embeddable":true,"href":"https:\/\/www.psidomov.cz\/index.php?rest_route=%2Fwp%2Fv2%2Fcomments&post=5942"}],"version-history":[{"count":0,"href":"https:\/\/www.psidomov.cz\/index.php?rest_route=\/wp\/v2\/posts\/5942\/revisions"}],"wp:featuredmedia":[{"embeddable":true,"href":"https:\/\/www.psidomov.cz\/index.php?rest_route=\/wp\/v2\/media\/5943"}],"wp:attachment":[{"href":"https:\/\/www.psidomov.cz\/index.php?rest_route=%2Fwp%2Fv2%2Fmedia&parent=5942"}],"wp:term":[{"taxonomy":"category","embeddable":true,"href":"https:\/\/www.psidomov.cz\/index.php?rest_route=%2Fwp%2Fv2%2Fcategories&post=5942"},{"taxonomy":"post_tag","embeddable":true,"href":"https:\/\/www.psidomov.cz\/index.php?rest_route=%2Fwp%2Fv2%2Ftags&post=5942"}],"curies":[{"name":"wp","href":"https:\/\/api.w.org\/{rel}","templated":true}]}}