{"id":7763,"date":"2022-05-09T12:17:30","date_gmt":"2022-05-09T10:17:30","guid":{"rendered":"https:\/\/www.psidomov.cz\/?p=7763"},"modified":"2023-03-01T21:24:23","modified_gmt":"2023-03-01T19:24:23","slug":"utulek-zasteka-u-labe","status":"publish","type":"post","link":"https:\/\/www.psidomov.cz\/?p=7763","title":{"rendered":"\u00daTULEK ZA\u0160T\u011aK\u00c1 U LABE!"},"content":{"rendered":"<p><a href=\"https:\/\/www.psidomov.cz\/wp-content\/uploads\/2022\/05\/UF22_plagos.jpg\"><img loading=\"lazy\" decoding=\"async\" class=\"size-large wp-image-7764 aligncenter\" src=\"https:\/\/www.psidomov.cz\/wp-content\/uploads\/2022\/05\/UF22_plagos-724x1024.jpg\" alt=\"\" width=\"724\" height=\"1024\" \/><\/a><\/p>\n<p><span style=\"color: #000000;\"><i>Dobr\u00fd den \/ ahoj v\u0161em osloven\u00fdm,<\/i><\/span><\/p>\n<div dir=\"ltr\">\n<div dir=\"ltr\">\n<div>\n<div dir=\"ltr\"><span style=\"color: #000000;\">po roce jsme tu op\u011bt s informac\u00ed o \u010dervnov\u00e9m benefi\u010dn\u00edm festivalu na podporu \u010dty\u0159noh\u00fdch p\u0159\u00e1tel na \u00dastecku.<\/span><br \/>\n<span style=\"color: #000000;\">\u00daTULEK FEST 2022 za\u0161t\u011bk\u00e1 o v\u00edkendu 10. &#8211; 11. 6. p\u0159\u00edmo u Labe: do Cyklokempu Lod\u011bnice Brn\u00e1, nedaleko hradu St\u0159ekov, se vrac\u00edme po dvou letech.<\/span><\/p>\n<p><span style=\"color: #000000;\">Mezi nejv\u011bt\u0161\u00ed tah\u00e1ky 21. RO\u010cN\u00cdKu ur\u010dit\u011b pat\u0159\u00ed obl\u00edben\u00e1 Mucha, barevn\u00e9\u00a0Schodi\u0161t\u011b, punkov\u00e9 Tot\u00e1ln\u00ed nasazen\u00ed\u00a0nebo libere\u010dt\u00ed Kohout pla\u0161\u00ed smrt. Jak\u00a0je na \u00datulek Festu tradic\u00ed, sv\u00e1 \u017eel\u00edzka\u00a0m\u00e1 v programu i lok\u00e1ln\u00ed sc\u00e9na\u00a0zastoupena nejveselej\u0161\u00edm \u00fasteck\u00fdm\u00a0hudebn\u00edm t\u011blesem To\u010d\u00edlas nebo\u00a0mlad\u00fdm objevem, kapelou demowave. A cel\u00fd travnat\u00fd are\u00e1l pak jist\u011b roztan\u010d\u00ed n\u00e1\u0161 osv\u011bd\u010den\u00fd zahrani\u010dn\u00ed host &#8211; Die Ukrainiens z Dr\u00e1\u017e\u010fan.\u00a0Kompletn\u00ed obsazen\u00ed s \u010dasy jejich hran\u00ed najdete na<\/span>\u00a0<a href=\"https:\/\/bandzone.cz\/koncert\/521399-usti-nad-labem-utulek-fest-2022\" target=\"_blank\" rel=\"noopener\" data-saferedirecturl=\"https:\/\/www.google.com\/url?q=https:\/\/bandzone.cz\/koncert\/521399-usti-nad-labem-utulek-fest-2022&amp;source=gmail&amp;ust=1652163400839000&amp;usg=AOvVaw14AdW8te5PaZpd6ZXMMSGT\">Bandzone<\/a>.<\/p>\n<p><span style=\"color: #000000;\">VSTUPENKY jsou v p\u0159edprodeji do 9\/6 online na<\/span>\u00a0<a href=\"http:\/\/www.vstupenkyusti.cz\/\" target=\"_blank\" rel=\"noopener\" data-saferedirecturl=\"https:\/\/www.google.com\/url?q=http:\/\/www.vstupenkyusti.cz&amp;source=gmail&amp;ust=1652163400839000&amp;usg=AOvVaw1H9abYtlg1wRLCN4ZnGCdl\">www.VstupenkyUsti.cz<\/a>; <span style=\"color: #000000;\">origin\u00e1ln\u00ed l\u00edstek lze v \u00dast\u00ed n\/L po\u0159\u00eddit v \u010dajovn\u011b U vysm\u00e1t\u00fd \u017e\u00e1by, restauraci Praha, Kukang Coffee \u010di p\u0159\u00edmo v kempu. Na m\u00edst\u011b zaplat\u00edte 390 K\u010d, d\u011bti do 6 let v\u010detn\u011b maj\u00ed vstup zdarma.\u00a0<\/span><\/p>\n<div><\/div>\n<div><a href=\"http:\/\/www.cyklokemplodenice.cz\/\" target=\"_blank\" rel=\"noopener\" data-saferedirecturl=\"https:\/\/www.google.com\/url?q=http:\/\/www.cyklokemplodenice.cz&amp;source=gmail&amp;ust=1652163400839000&amp;usg=AOvVaw2AhkYvy7YB75EpffDUGOWx\">KEMP<\/a>\u00a0<span style=\"color: #000000;\">je ide\u00e1ln\u00ed pro v\u00fdlety do okol\u00ed, lze v n\u011bm nocle\u017eit, je zde d\u011btsk\u00e9 h\u0159i\u0161t\u011b i molo, pokud byste tu cht\u011bli ukotvit svoje plavidlo.\u00a0Z kapacitn\u00edch d\u016fvod\u016f sv\u00e1 vozidla nech\u00e1vejte na horn\u00edm parkovi\u0161ti u hlavn\u00ed silnice a d\u00e1l pokra\u010dujte p\u011b\u0161ky &#8211; je to kousek:)\u00a0<\/span><\/p>\n<div>\n<span style=\"color: #000000;\">V\u00ddT\u011a\u017dEK (dosud 640.000 K\u010d) op\u011bt p\u0159em\u011bn\u00edme na krmen\u00ed a tradi\u010dn\u011b j\u00edm podpo\u0159\u00edme<\/span>\u00a0<a href=\"https:\/\/www.utulek-ul.cz\/\" target=\"_blank\" rel=\"noopener\" data-saferedirecturl=\"https:\/\/www.google.com\/url?q=https:\/\/www.utulek-ul.cz\/&amp;source=gmail&amp;ust=1652163400839000&amp;usg=AOvVaw1p0BCPrpXTFmc65d2Sw3wn\">\u00fasteck\u00fd \u00fatulek<\/a>, spolek\u00a0<a href=\"https:\/\/www.facebook.com\/felisicat\" target=\"_blank\" rel=\"noopener\" data-saferedirecturl=\"https:\/\/www.google.com\/url?q=https:\/\/www.facebook.com\/felisicat&amp;source=gmail&amp;ust=1652163400839000&amp;usg=AOvVaw1t-c8Ef23SagQz6OrmIZqL\">Felisicat<\/a>\u00a0staraj\u00edc\u00ed se opu\u0161t\u011bn\u00e9 ko\u010dky a \u0159epnick\u00fd\u00a0<a href=\"https:\/\/www.psidomov.cz\/\" target=\"_blank\" rel=\"noopener\" data-saferedirecturl=\"https:\/\/www.google.com\/url?q=https:\/\/www.psidomov.cz\/&amp;source=gmail&amp;ust=1652163400839000&amp;usg=AOvVaw1-UksgNFlBEtdmBJOa_eZG\">Ps\u00ed domov<\/a>.<\/p>\n<p><span style=\"color: #000000;\">V P\u0158\u00cdLOZE pos\u00edl\u00e1me plak\u00e1t a graficky upravenou dvoustranu. Za jakoukoliv zm\u00ednku jsme vd\u011b\u010dni a p\u0159edem d\u011bkujeme, \u017ee n\u00e1m o takov\u00e9to d\u00e1te v\u011bd\u011bt.<\/span><\/p>\n<p><span style=\"color: #000000;\"><i>Ty nejlep\u0161\u00ed jarn\u00ed dny V\u00e1m za\u00a0po\u0159\u00e1daj\u00edc\u00ed spolek \u00datulek fest p\u0159ej\u00ed &amp; na 21. ro\u010dn\u00edk V\u00e1s zvou &#8230;<\/i><\/span><br \/>\n<span style=\"color: #000000;\"><i>Emil &#8222;Emilio&#8220; Dvo\u0159\u00e1k (739 312 901) &amp; Ji\u0159\u00ed &#8222;P\u00f3\u017ea&#8220; Po\u017eivil (606 702 196)<\/i><\/span><\/p>\n<p>\u25cf\u00a0<b>\u00da<\/b>TULEK\u00a0<b>F<\/b>EST:\u00a0<a href=\"http:\/\/utulekfest.litokaps.cz\/\" target=\"_blank\" rel=\"noopener\" data-saferedirecturl=\"https:\/\/www.google.com\/url?q=http:\/\/utulekfest.litokaps.cz\/&amp;source=gmail&amp;ust=1652163400839000&amp;usg=AOvVaw3fszcoHVbKTEIaANplzp1R\">WWW<\/a>\u00a0&amp;\u00a0<a href=\"https:\/\/www.facebook.com\/utulekfest\" target=\"_blank\" rel=\"noopener\" data-saferedirecturl=\"https:\/\/www.google.com\/url?q=https:\/\/www.facebook.com\/utulekfest&amp;source=gmail&amp;ust=1652163400839000&amp;usg=AOvVaw22-I89olNv0OrArQ7xi8EH\">FCB<\/a><\/p>\n<div>\u25cf 21. ro\u010dn\u00edk: ud\u00e1lost\u00a0<a href=\"https:\/\/www.facebook.com\/events\/298181222166470\/\" target=\"_blank\" rel=\"noopener\" data-saferedirecturl=\"https:\/\/www.google.com\/url?q=https:\/\/www.facebook.com\/events\/298181222166470\/&amp;source=gmail&amp;ust=1652163400839000&amp;usg=AOvVaw1TiRHcoqk4hKMwkXRg_80q\">Fcb<\/a>\u00a0&amp;\u00a0<a href=\"https:\/\/bandzone.cz\/koncert\/521399-usti-nad-labem-utulek-fest-2022\" target=\"_blank\" rel=\"noopener\" data-saferedirecturl=\"https:\/\/www.google.com\/url?q=https:\/\/bandzone.cz\/koncert\/521399-usti-nad-labem-utulek-fest-2022&amp;source=gmail&amp;ust=1652163400839000&amp;usg=AOvVaw14AdW8te5PaZpd6ZXMMSGT\">Bz<\/a><\/div>\n<p>\u25cf\u00a0\u00daF\u00a0<a href=\"https:\/\/www.instagram.com\/utulekfest\/\" target=\"_blank\" rel=\"noopener\" data-saferedirecturl=\"https:\/\/www.google.com\/url?q=https:\/\/www.instagram.com\/utulekfest\/&amp;source=gmail&amp;ust=1652163400839000&amp;usg=AOvVaw0dK2IjoU-tDbUTTLoWPNEN\">Instagram<\/a>\u00a0&amp;\u00a0<a href=\"https:\/\/www.youtube.com\/utulekfest\" target=\"_blank\" rel=\"noopener\" data-saferedirecturl=\"https:\/\/www.google.com\/url?q=https:\/\/www.youtube.com\/utulekfest&amp;source=gmail&amp;ust=1652163400839000&amp;usg=AOvVaw1zhVdrqLLsg0F60td30zWG\">YouTube<\/a><\/div>\n<\/div>\n<\/div>\n<\/div>\n<\/div>\n<\/div>\n","protected":false},"excerpt":{"rendered":"<p>Dobr\u00fd den \/ ahoj v\u0161em osloven\u00fdm, po roce jsme tu op\u011bt s informac\u00ed o \u010dervnov\u00e9m benefi\u010dn\u00edm festivalu na podporu \u010dty\u0159noh\u00fdch p\u0159\u00e1tel na \u00dastecku. \u00daTULEK FEST 2022 za\u0161t\u011bk\u00e1 o v\u00edkendu 10. &#8211; 11. 6. p\u0159\u00edmo u Labe: do Cyklokempu Lod\u011bnice Brn\u00e1, nedaleko hradu St\u0159ekov, se vrac\u00edme po dvou letech. Mezi nejv\u011bt\u0161\u00ed tah\u00e1ky 21. RO\u010cN\u00cdKu ur\u010dit\u011b pat\u0159\u00ed&#46;&#46;&#46;<\/p>\n","protected":false},"author":1,"featured_media":0,"comment_status":"closed","ping_status":"closed","sticky":false,"template":"","format":"standard","meta":{"footnotes":"","jetpack_publicize_message":"","jetpack_publicize_feature_enabled":true,"jetpack_social_post_already_shared":true,"jetpack_social_options":{"image_generator_settings":{"template":"highway","default_image_id":0,"font":"","enabled":false},"version":2}},"categories":[42],"tags":[],"class_list":["post-7763","post","type-post","status-publish","format-standard","hentry","category-archiv-2022"],"jetpack_publicize_connections":[],"_links":{"self":[{"href":"https:\/\/www.psidomov.cz\/index.php?rest_route=\/wp\/v2\/posts\/7763","targetHints":{"allow":["GET"]}}],"collection":[{"href":"https:\/\/www.psidomov.cz\/index.php?rest_route=\/wp\/v2\/posts"}],"about":[{"href":"https:\/\/www.psidomov.cz\/index.php?rest_route=\/wp\/v2\/types\/post"}],"author":[{"embeddable":true,"href":"https:\/\/www.psidomov.cz\/index.php?rest_route=\/wp\/v2\/users\/1"}],"replies":[{"embeddable":true,"href":"https:\/\/www.psidomov.cz\/index.php?rest_route=%2Fwp%2Fv2%2Fcomments&post=7763"}],"version-history":[{"count":0,"href":"https:\/\/www.psidomov.cz\/index.php?rest_route=\/wp\/v2\/posts\/7763\/revisions"}],"wp:attachment":[{"href":"https:\/\/www.psidomov.cz\/index.php?rest_route=%2Fwp%2Fv2%2Fmedia&parent=7763"}],"wp:term":[{"taxonomy":"category","embeddable":true,"href":"https:\/\/www.psidomov.cz\/index.php?rest_route=%2Fwp%2Fv2%2Fcategories&post=7763"},{"taxonomy":"post_tag","embeddable":true,"href":"https:\/\/www.psidomov.cz\/index.php?rest_route=%2Fwp%2Fv2%2Ftags&post=7763"}],"curies":[{"name":"wp","href":"https:\/\/api.w.org\/{rel}","templated":true}]}}