{"id":8308,"date":"2022-09-26T21:05:01","date_gmt":"2022-09-26T19:05:01","guid":{"rendered":"https:\/\/www.psidomov.cz\/?p=8308"},"modified":"2023-03-01T21:18:40","modified_gmt":"2023-03-01T19:18:40","slug":"v-sobotu-24-9-jsme-se-zucastnili-akce-ke-dni-zvirat","status":"publish","type":"post","link":"https:\/\/www.psidomov.cz\/?p=8308","title":{"rendered":"V sobotu 24.9. jsme se z\u00fa\u010dastnili akce ke dni zv\u00ed\u0159at"},"content":{"rendered":"<div><span style=\"color: #000000;\">po\u0159\u00e1danou <strong>Nadac\u00ed na ochranu zv\u00ed\u0159at\u00a0<\/strong><\/span><\/div>\n<div><span style=\"color: #000000;\">S pejsky a ko\u010di\u010dkami jsme vyrazili na dal\u0161\u00ed nejen umis\u0165ovac\u00ed akci. Tentokr\u00e1t do hlavn\u00edho m\u011bsta Prahy, a to do parku na Pankr\u00e1ci. Na ji\u017e \u010dtvrt\u00fd ro\u010dn\u00edk oslavy mezin\u00e1rodn\u00edho sv\u00e1tku zv\u00ed\u0159at &#8211; Sv\u011btov\u00e9ho dne zv\u00ed\u0159at 2022.\u00a0<\/span><\/div>\n<div><span style=\"color: #000000;\">Potkali jsme se zde s na\u0161imi b\u00fdval\u00fdmi sv\u011b\u0159enci, kte\u0159\u00ed n\u00e1s p\u0159ijeli nav\u0161t\u00edvit, z \u010deho\u017e jsme m\u011bli snad nejv\u011bt\u0161\u00ed radost ! Fenka Bobinka adoptov\u00e1na p\u0159ed necel\u00fdm rokem aj.\u00a0<b><br \/>\n<\/b><\/span><\/div>\n<div><span style=\"color: #000000;\">\u00a0Fenka Belinka se sv\u00fdm p\u00e1ne\u010dkem ( adoptov\u00e1na z na\u0161eho \u00fatulku, ji\u017e p\u0159ed dv\u011bma lety ), p\u0159ivezla sv\u00fdm ps\u00edm kamar\u00e1d\u016fm, kte\u0159\u00ed na nov\u00fd domov v \u00fatulku teprve \u010dekaj\u00ed, konzervy Yoggies.\u00a0<\/span><\/div>\n<div><span style=\"color: #000000;\"><strong>V\u0161em, kte\u0159\u00ed za n\u00e1mi na Pankr\u00e1c p\u0159ijeli, moc d\u011bkujeme, velice si toho v\u00e1\u017e\u00edme\u00a0\ud83d\ude42<\/strong><\/span><\/div>\n<div>\n<div id=\"attachment_8306\" style=\"width: 100px\" class=\"wp-caption alignleft\"><a href=\"https:\/\/www.psidomov.cz\/wp-content\/uploads\/2022\/09\/ZUCASTNILI-JSME-SE-SVETOVEHO-DNE-ZVIRAT-2022-V-PRAZE.jpg\"><img loading=\"lazy\" decoding=\"async\" aria-describedby=\"caption-attachment-8306\" class=\"size-thumbnail wp-image-8306\" src=\"https:\/\/www.psidomov.cz\/wp-content\/uploads\/2022\/09\/ZUCASTNILI-JSME-SE-SVETOVEHO-DNE-ZVIRAT-2022-V-PRAZE-90x160.jpg\" alt=\"\" width=\"90\" height=\"160\" srcset=\"https:\/\/www.psidomov.cz\/wp-content\/uploads\/2022\/09\/ZUCASTNILI-JSME-SE-SVETOVEHO-DNE-ZVIRAT-2022-V-PRAZE-90x160.jpg 90w, https:\/\/www.psidomov.cz\/wp-content\/uploads\/2022\/09\/ZUCASTNILI-JSME-SE-SVETOVEHO-DNE-ZVIRAT-2022-V-PRAZE-169x300.jpg 169w, https:\/\/www.psidomov.cz\/wp-content\/uploads\/2022\/09\/ZUCASTNILI-JSME-SE-SVETOVEHO-DNE-ZVIRAT-2022-V-PRAZE.jpg 562w\" sizes=\"auto, (max-width: 90px) 100vw, 90px\" \/><\/a><p id=\"caption-attachment-8306\" class=\"wp-caption-text\">Z\u00da\u010cASTNILI JSME SE SV\u011aTOV\u00c9HO DNE ZV\u00cd\u0158AT 2022 V PRAZE<\/p><\/div>\n<div id=\"attachment_8305\" style=\"width: 100px\" class=\"wp-caption alignleft\"><a href=\"https:\/\/www.psidomov.cz\/wp-content\/uploads\/2022\/09\/TYM-BLESK-TLAPEK-A-UTULEK-V-PRAZE-NA-SVETOVEM-DNI-ZVIRAT-2022-2.jpg\"><img loading=\"lazy\" decoding=\"async\" aria-describedby=\"caption-attachment-8305\" class=\"size-thumbnail wp-image-8305\" src=\"https:\/\/www.psidomov.cz\/wp-content\/uploads\/2022\/09\/TYM-BLESK-TLAPEK-A-UTULEK-V-PRAZE-NA-SVETOVEM-DNI-ZVIRAT-2022-2-90x160.jpg\" alt=\"\" width=\"90\" height=\"160\" srcset=\"https:\/\/www.psidomov.cz\/wp-content\/uploads\/2022\/09\/TYM-BLESK-TLAPEK-A-UTULEK-V-PRAZE-NA-SVETOVEM-DNI-ZVIRAT-2022-2-90x160.jpg 90w, https:\/\/www.psidomov.cz\/wp-content\/uploads\/2022\/09\/TYM-BLESK-TLAPEK-A-UTULEK-V-PRAZE-NA-SVETOVEM-DNI-ZVIRAT-2022-2-169x300.jpg 169w, https:\/\/www.psidomov.cz\/wp-content\/uploads\/2022\/09\/TYM-BLESK-TLAPEK-A-UTULEK-V-PRAZE-NA-SVETOVEM-DNI-ZVIRAT-2022-2.jpg 562w\" sizes=\"auto, (max-width: 90px) 100vw, 90px\" \/><\/a><p id=\"caption-attachment-8305\" class=\"wp-caption-text\">T\u00ddM BLESK TLAPEK A \u00daTULEK V PRAZE NA SV\u011aTOV\u00c9M DNI ZV\u00cd\u0158AT 2022 (2)<\/p><\/div>\n<div id=\"attachment_8303\" style=\"width: 100px\" class=\"wp-caption alignleft\"><a href=\"https:\/\/www.psidomov.cz\/wp-content\/uploads\/2022\/09\/SVETOVY-DEN-ZVIRAT-V-PRAZE-2022-S-UTULKEM.jpg\"><img loading=\"lazy\" decoding=\"async\" aria-describedby=\"caption-attachment-8303\" class=\"size-thumbnail wp-image-8303\" src=\"https:\/\/www.psidomov.cz\/wp-content\/uploads\/2022\/09\/SVETOVY-DEN-ZVIRAT-V-PRAZE-2022-S-UTULKEM-90x160.jpg\" alt=\"\" width=\"90\" height=\"160\" srcset=\"https:\/\/www.psidomov.cz\/wp-content\/uploads\/2022\/09\/SVETOVY-DEN-ZVIRAT-V-PRAZE-2022-S-UTULKEM-90x160.jpg 90w, https:\/\/www.psidomov.cz\/wp-content\/uploads\/2022\/09\/SVETOVY-DEN-ZVIRAT-V-PRAZE-2022-S-UTULKEM-169x300.jpg 169w, https:\/\/www.psidomov.cz\/wp-content\/uploads\/2022\/09\/SVETOVY-DEN-ZVIRAT-V-PRAZE-2022-S-UTULKEM.jpg 562w\" sizes=\"auto, (max-width: 90px) 100vw, 90px\" \/><\/a><p id=\"caption-attachment-8303\" class=\"wp-caption-text\">SV\u011aTOV\u00dd DEN ZV\u00cd\u0158AT V PRAZE 2022 S \u00daTULKEM<\/p><\/div>\n<div id=\"attachment_8302\" style=\"width: 100px\" class=\"wp-caption alignleft\"><a href=\"https:\/\/www.psidomov.cz\/wp-content\/uploads\/2022\/09\/Svetovy-den-zvirat-se-opravdu-vydaril.jpg\"><img loading=\"lazy\" decoding=\"async\" aria-describedby=\"caption-attachment-8302\" class=\"size-thumbnail wp-image-8302\" src=\"https:\/\/www.psidomov.cz\/wp-content\/uploads\/2022\/09\/Svetovy-den-zvirat-se-opravdu-vydaril-90x160.jpg\" alt=\"\" width=\"90\" height=\"160\" srcset=\"https:\/\/www.psidomov.cz\/wp-content\/uploads\/2022\/09\/Svetovy-den-zvirat-se-opravdu-vydaril-90x160.jpg 90w, https:\/\/www.psidomov.cz\/wp-content\/uploads\/2022\/09\/Svetovy-den-zvirat-se-opravdu-vydaril-169x300.jpg 169w, https:\/\/www.psidomov.cz\/wp-content\/uploads\/2022\/09\/Svetovy-den-zvirat-se-opravdu-vydaril.jpg 563w\" sizes=\"auto, (max-width: 90px) 100vw, 90px\" \/><\/a><p id=\"caption-attachment-8302\" class=\"wp-caption-text\">Sv\u011btov\u00fd den zv\u00ed\u0159at se opravdu vyda\u0159il<\/p><\/div>\n<div id=\"attachment_8301\" style=\"width: 100px\" class=\"wp-caption alignleft\"><a href=\"https:\/\/www.psidomov.cz\/wp-content\/uploads\/2022\/09\/PRIJELI-SE-ZA-NAMI-PODIVAT-NASI-BYVALI-PEJSCI-S-PANICKY-VLEVO-BELINKA-VPRAVO-BOBINKA.jpg\"><img loading=\"lazy\" decoding=\"async\" aria-describedby=\"caption-attachment-8301\" class=\"size-thumbnail wp-image-8301\" src=\"https:\/\/www.psidomov.cz\/wp-content\/uploads\/2022\/09\/PRIJELI-SE-ZA-NAMI-PODIVAT-NASI-BYVALI-PEJSCI-S-PANICKY-VLEVO-BELINKA-VPRAVO-BOBINKA-90x160.jpg\" alt=\"\" width=\"90\" height=\"160\" srcset=\"https:\/\/www.psidomov.cz\/wp-content\/uploads\/2022\/09\/PRIJELI-SE-ZA-NAMI-PODIVAT-NASI-BYVALI-PEJSCI-S-PANICKY-VLEVO-BELINKA-VPRAVO-BOBINKA-90x160.jpg 90w, https:\/\/www.psidomov.cz\/wp-content\/uploads\/2022\/09\/PRIJELI-SE-ZA-NAMI-PODIVAT-NASI-BYVALI-PEJSCI-S-PANICKY-VLEVO-BELINKA-VPRAVO-BOBINKA-169x300.jpg 169w, https:\/\/www.psidomov.cz\/wp-content\/uploads\/2022\/09\/PRIJELI-SE-ZA-NAMI-PODIVAT-NASI-BYVALI-PEJSCI-S-PANICKY-VLEVO-BELINKA-VPRAVO-BOBINKA.jpg 562w\" sizes=\"auto, (max-width: 90px) 100vw, 90px\" \/><\/a><p id=\"caption-attachment-8301\" class=\"wp-caption-text\">P\u0158IJELI SE ZA N\u00c1MI POD\u00cdVAT NA\u0160I B\u00ddVAL\u00cd PEJSCI S P\u00c1N\u00cd\u010cKY &#8211; VLEVO BELINKA , VPRAVO BOBINKA<\/p><\/div>\n<div id=\"attachment_8300\" style=\"width: 100px\" class=\"wp-caption alignleft\"><a href=\"https:\/\/www.psidomov.cz\/wp-content\/uploads\/2022\/09\/PANI-LUND-druha-z-prava-prezidentka-NADACE-NA-OCHRANU-ZVIRAT-a-EVA-HODEK-reditelka-NADACE-NA-OCHRANU-ZVIRAT-prvni-z-leva-.jpg\"><img loading=\"lazy\" decoding=\"async\" aria-describedby=\"caption-attachment-8300\" class=\"size-thumbnail wp-image-8300\" src=\"https:\/\/www.psidomov.cz\/wp-content\/uploads\/2022\/09\/PANI-LUND-druha-z-prava-prezidentka-NADACE-NA-OCHRANU-ZVIRAT-a-EVA-HODEK-reditelka-NADACE-NA-OCHRANU-ZVIRAT-prvni-z-leva--90x160.jpg\" alt=\"\" width=\"90\" height=\"160\" srcset=\"https:\/\/www.psidomov.cz\/wp-content\/uploads\/2022\/09\/PANI-LUND-druha-z-prava-prezidentka-NADACE-NA-OCHRANU-ZVIRAT-a-EVA-HODEK-reditelka-NADACE-NA-OCHRANU-ZVIRAT-prvni-z-leva--90x160.jpg 90w, https:\/\/www.psidomov.cz\/wp-content\/uploads\/2022\/09\/PANI-LUND-druha-z-prava-prezidentka-NADACE-NA-OCHRANU-ZVIRAT-a-EVA-HODEK-reditelka-NADACE-NA-OCHRANU-ZVIRAT-prvni-z-leva--169x300.jpg 169w, https:\/\/www.psidomov.cz\/wp-content\/uploads\/2022\/09\/PANI-LUND-druha-z-prava-prezidentka-NADACE-NA-OCHRANU-ZVIRAT-a-EVA-HODEK-reditelka-NADACE-NA-OCHRANU-ZVIRAT-prvni-z-leva-.jpg 562w\" sizes=\"auto, (max-width: 90px) 100vw, 90px\" \/><\/a><p id=\"caption-attachment-8300\" class=\"wp-caption-text\">PAN\u00cd LUND ( druh\u00e1 z prava ) prezidentka NADACE NA OCHRANU ZV\u00cd\u0158AT a EVA HODEK \u0159editelka NADACE NA OCHRANU ZV\u00cd\u0158AT ( prvn\u00ed z leva )<\/p><\/div>\n<div id=\"attachment_8296\" style=\"width: 100px\" class=\"wp-caption alignleft\"><a href=\"https:\/\/www.psidomov.cz\/wp-content\/uploads\/2022\/09\/FENKA-BOBINKA-vpravo-SE-PRIJELA-UKAZAT-JAK-JE-KRASNA-A-V-NOVEM-DOMOVE-PROSPIVA.jpg\"><img loading=\"lazy\" decoding=\"async\" aria-describedby=\"caption-attachment-8296\" class=\"size-thumbnail wp-image-8296\" src=\"https:\/\/www.psidomov.cz\/wp-content\/uploads\/2022\/09\/FENKA-BOBINKA-vpravo-SE-PRIJELA-UKAZAT-JAK-JE-KRASNA-A-V-NOVEM-DOMOVE-PROSPIVA-90x160.jpg\" alt=\"\" width=\"90\" height=\"160\" srcset=\"https:\/\/www.psidomov.cz\/wp-content\/uploads\/2022\/09\/FENKA-BOBINKA-vpravo-SE-PRIJELA-UKAZAT-JAK-JE-KRASNA-A-V-NOVEM-DOMOVE-PROSPIVA-90x160.jpg 90w, https:\/\/www.psidomov.cz\/wp-content\/uploads\/2022\/09\/FENKA-BOBINKA-vpravo-SE-PRIJELA-UKAZAT-JAK-JE-KRASNA-A-V-NOVEM-DOMOVE-PROSPIVA-169x300.jpg 169w, https:\/\/www.psidomov.cz\/wp-content\/uploads\/2022\/09\/FENKA-BOBINKA-vpravo-SE-PRIJELA-UKAZAT-JAK-JE-KRASNA-A-V-NOVEM-DOMOVE-PROSPIVA.jpg 562w\" sizes=\"auto, (max-width: 90px) 100vw, 90px\" \/><\/a><p id=\"caption-attachment-8296\" class=\"wp-caption-text\">FENKA BOBINKA ( vpravo ) SE P\u0158IJELA UK\u00c1ZAT, JAK JE KR\u00c1SN\u00c1 A V NOV\u00c9M DOMOV\u011a PROSP\u00cdV\u00c1<\/p><\/div>\n<div id=\"attachment_8295\" style=\"width: 100px\" class=\"wp-caption alignleft\"><a href=\"https:\/\/www.psidomov.cz\/wp-content\/uploads\/2022\/09\/BYVALI-UTULKACI-SE-ZA-NAMI-PRIJELI-PODIVAT-A-HNED-SI-I-HRALI.jpg\"><img loading=\"lazy\" decoding=\"async\" aria-describedby=\"caption-attachment-8295\" class=\"size-thumbnail wp-image-8295\" src=\"https:\/\/www.psidomov.cz\/wp-content\/uploads\/2022\/09\/BYVALI-UTULKACI-SE-ZA-NAMI-PRIJELI-PODIVAT-A-HNED-SI-I-HRALI-90x160.jpg\" alt=\"\" width=\"90\" height=\"160\" srcset=\"https:\/\/www.psidomov.cz\/wp-content\/uploads\/2022\/09\/BYVALI-UTULKACI-SE-ZA-NAMI-PRIJELI-PODIVAT-A-HNED-SI-I-HRALI-90x160.jpg 90w, https:\/\/www.psidomov.cz\/wp-content\/uploads\/2022\/09\/BYVALI-UTULKACI-SE-ZA-NAMI-PRIJELI-PODIVAT-A-HNED-SI-I-HRALI-169x300.jpg 169w, https:\/\/www.psidomov.cz\/wp-content\/uploads\/2022\/09\/BYVALI-UTULKACI-SE-ZA-NAMI-PRIJELI-PODIVAT-A-HNED-SI-I-HRALI.jpg 562w\" sizes=\"auto, (max-width: 90px) 100vw, 90px\" \/><\/a><p id=\"caption-attachment-8295\" class=\"wp-caption-text\">B\u00ddVAL\u00cd \u00daTULK\u00c1\u010cI SE ZA N\u00c1MI P\u0158IJELI POD\u00cdVAT A HNED SI I HR\u00c1LI<\/p><\/div>\n<div id=\"attachment_8291\" style=\"width: 100px\" class=\"wp-caption alignleft\"><a href=\"https:\/\/www.psidomov.cz\/wp-content\/uploads\/2022\/09\/Bobinka-se-svymi-panickami-na-Svetovem-dni-zvirat-2022-nas-navstivila.jpg\"><img loading=\"lazy\" decoding=\"async\" aria-describedby=\"caption-attachment-8291\" class=\"size-thumbnail wp-image-8291\" src=\"https:\/\/www.psidomov.cz\/wp-content\/uploads\/2022\/09\/Bobinka-se-svymi-panickami-na-Svetovem-dni-zvirat-2022-nas-navstivila-90x160.jpg\" alt=\"\" width=\"90\" height=\"160\" srcset=\"https:\/\/www.psidomov.cz\/wp-content\/uploads\/2022\/09\/Bobinka-se-svymi-panickami-na-Svetovem-dni-zvirat-2022-nas-navstivila-90x160.jpg 90w, https:\/\/www.psidomov.cz\/wp-content\/uploads\/2022\/09\/Bobinka-se-svymi-panickami-na-Svetovem-dni-zvirat-2022-nas-navstivila-169x300.jpg 169w, https:\/\/www.psidomov.cz\/wp-content\/uploads\/2022\/09\/Bobinka-se-svymi-panickami-na-Svetovem-dni-zvirat-2022-nas-navstivila.jpg 562w\" sizes=\"auto, (max-width: 90px) 100vw, 90px\" \/><\/a><p id=\"caption-attachment-8291\" class=\"wp-caption-text\">Bobinka se sv\u00fdmi pani\u010dkami na Sv\u011btov\u00e9m dni zv\u00ed\u0159at 2022 n\u00e1s nav\u0161t\u00edvila<\/p><\/div>\n<\/div>\n","protected":false},"excerpt":{"rendered":"<p>po\u0159\u00e1danou Nadac\u00ed na ochranu zv\u00ed\u0159at\u00a0 S pejsky a ko\u010di\u010dkami jsme vyrazili na dal\u0161\u00ed nejen umis\u0165ovac\u00ed akci. Tentokr\u00e1t do hlavn\u00edho m\u011bsta Prahy, a to do parku na Pankr\u00e1ci. Na ji\u017e \u010dtvrt\u00fd ro\u010dn\u00edk oslavy mezin\u00e1rodn\u00edho sv\u00e1tku zv\u00ed\u0159at &#8211; Sv\u011btov\u00e9ho dne zv\u00ed\u0159at 2022.\u00a0 Potkali jsme se zde s na\u0161imi b\u00fdval\u00fdmi sv\u011b\u0159enci, kte\u0159\u00ed n\u00e1s p\u0159ijeli nav\u0161t\u00edvit, z \u010deho\u017e jsme&#46;&#46;&#46;<\/p>\n","protected":false},"author":1,"featured_media":8300,"comment_status":"closed","ping_status":"closed","sticky":false,"template":"","format":"standard","meta":{"footnotes":"","jetpack_publicize_message":"","jetpack_publicize_feature_enabled":true,"jetpack_social_post_already_shared":true,"jetpack_social_options":{"image_generator_settings":{"template":"highway","default_image_id":0,"font":"","enabled":false},"version":2}},"categories":[42],"tags":[],"class_list":["post-8308","post","type-post","status-publish","format-standard","has-post-thumbnail","hentry","category-archiv-2022"],"jetpack_publicize_connections":[],"_links":{"self":[{"href":"https:\/\/www.psidomov.cz\/index.php?rest_route=\/wp\/v2\/posts\/8308","targetHints":{"allow":["GET"]}}],"collection":[{"href":"https:\/\/www.psidomov.cz\/index.php?rest_route=\/wp\/v2\/posts"}],"about":[{"href":"https:\/\/www.psidomov.cz\/index.php?rest_route=\/wp\/v2\/types\/post"}],"author":[{"embeddable":true,"href":"https:\/\/www.psidomov.cz\/index.php?rest_route=\/wp\/v2\/users\/1"}],"replies":[{"embeddable":true,"href":"https:\/\/www.psidomov.cz\/index.php?rest_route=%2Fwp%2Fv2%2Fcomments&post=8308"}],"version-history":[{"count":0,"href":"https:\/\/www.psidomov.cz\/index.php?rest_route=\/wp\/v2\/posts\/8308\/revisions"}],"wp:featuredmedia":[{"embeddable":true,"href":"https:\/\/www.psidomov.cz\/index.php?rest_route=\/wp\/v2\/media\/8300"}],"wp:attachment":[{"href":"https:\/\/www.psidomov.cz\/index.php?rest_route=%2Fwp%2Fv2%2Fmedia&parent=8308"}],"wp:term":[{"taxonomy":"category","embeddable":true,"href":"https:\/\/www.psidomov.cz\/index.php?rest_route=%2Fwp%2Fv2%2Fcategories&post=8308"},{"taxonomy":"post_tag","embeddable":true,"href":"https:\/\/www.psidomov.cz\/index.php?rest_route=%2Fwp%2Fv2%2Ftags&post=8308"}],"curies":[{"name":"wp","href":"https:\/\/api.w.org\/{rel}","templated":true}]}}