{"id":9816,"date":"2023-08-08T22:04:51","date_gmt":"2023-08-08T20:04:51","guid":{"rendered":"https:\/\/www.psidomov.cz\/?p=9816"},"modified":"2024-01-28T10:52:45","modified_gmt":"2024-01-28T08:52:45","slug":"nase-velike-podekovani-patri-17","status":"publish","type":"post","link":"https:\/\/www.psidomov.cz\/?p=9816","title":{"rendered":"NA\u0160E VELIK\u00c9 POD\u011aKOV\u00c1N\u00cd PAT\u0158\u00cd"},"content":{"rendered":"<div><b>organiz\u00e1tor\u016fm i z\u00fa\u010dastn\u011bn\u00fdm<\/b>\u00a0<b>akce ,, POCHOD PRO \u00daTULKY &#8222;, kter\u00fd organizovala\u00a0<\/b><b>pan\u00ed Alena Dole\u017ealov\u00e1,<\/b>\u00a0kter\u00e1<b>\u00a0<\/b>\u00a0n\u00e1m osobn\u011b p\u0159i\u0161la p\u0159edat finan\u010dn\u00ed dar, kter\u00fd na t\u00e9to dobro\u010dinn\u00e9 akci utr\u017eili.<\/div>\n<div>P\u0159i t\u00e9 p\u0159\u00edle\u017eitosti s n\u00ed p\u0159ijela i fenka Sammer, kterou p\u0159ed \u010dasem adoptovali. Samer je kr\u00e1sn\u00e1, je na n\u00ed vid\u011bt, \u017ee se m\u00e1 dob\u0159e a je \u0161\u0165astn\u00e1.<\/div>\n<div>Za v\u0161echna zv\u00ed\u0159ata v \u00fatulku V\u00e1m d\u011bkujeme\u00a0!<\/div>\n<div><a href=\"https:\/\/www.psidomov.cz\/wp-content\/uploads\/2023\/08\/Pochod-pro-utulky-opet-pomahal.jpeg\"><img loading=\"lazy\" decoding=\"async\" class=\"alignleft wp-image-9805 size-medium\" src=\"https:\/\/www.psidomov.cz\/wp-content\/uploads\/2023\/08\/Pochod-pro-utulky-opet-pomahal-271x300.jpeg\" alt=\"\" width=\"271\" height=\"300\" srcset=\"https:\/\/www.psidomov.cz\/wp-content\/uploads\/2023\/08\/Pochod-pro-utulky-opet-pomahal-271x300.jpeg 271w, https:\/\/www.psidomov.cz\/wp-content\/uploads\/2023\/08\/Pochod-pro-utulky-opet-pomahal-120x133.jpeg 120w, https:\/\/www.psidomov.cz\/wp-content\/uploads\/2023\/08\/Pochod-pro-utulky-opet-pomahal-768x851.jpeg 768w, https:\/\/www.psidomov.cz\/wp-content\/uploads\/2023\/08\/Pochod-pro-utulky-opet-pomahal.jpeg 902w\" sizes=\"auto, (max-width: 271px) 100vw, 271px\" \/><\/a> <a href=\"https:\/\/www.psidomov.cz\/wp-content\/uploads\/2023\/08\/Fenka-Sammer-a-Kiki-ktere-nas-prijely-navstivit.jpeg\"><img loading=\"lazy\" decoding=\"async\" class=\"alignleft wp-image-9801 size-medium\" src=\"https:\/\/www.psidomov.cz\/wp-content\/uploads\/2023\/08\/Fenka-Sammer-a-Kiki-ktere-nas-prijely-navstivit-267x300.jpeg\" alt=\"\" width=\"267\" height=\"300\" srcset=\"https:\/\/www.psidomov.cz\/wp-content\/uploads\/2023\/08\/Fenka-Sammer-a-Kiki-ktere-nas-prijely-navstivit-267x300.jpeg 267w, https:\/\/www.psidomov.cz\/wp-content\/uploads\/2023\/08\/Fenka-Sammer-a-Kiki-ktere-nas-prijely-navstivit-120x135.jpeg 120w, https:\/\/www.psidomov.cz\/wp-content\/uploads\/2023\/08\/Fenka-Sammer-a-Kiki-ktere-nas-prijely-navstivit-768x864.jpeg 768w, https:\/\/www.psidomov.cz\/wp-content\/uploads\/2023\/08\/Fenka-Sammer-a-Kiki-ktere-nas-prijely-navstivit.jpeg 889w\" sizes=\"auto, (max-width: 267px) 100vw, 267px\" \/><\/a><\/div>\n","protected":false},"excerpt":{"rendered":"<p>organiz\u00e1tor\u016fm i z\u00fa\u010dastn\u011bn\u00fdm\u00a0akce ,, POCHOD PRO \u00daTULKY &#8222;, kter\u00fd organizovala\u00a0pan\u00ed Alena Dole\u017ealov\u00e1,\u00a0kter\u00e1\u00a0\u00a0n\u00e1m osobn\u011b p\u0159i\u0161la p\u0159edat finan\u010dn\u00ed dar, kter\u00fd na t\u00e9to dobro\u010dinn\u00e9 akci utr\u017eili. P\u0159i t\u00e9 p\u0159\u00edle\u017eitosti s n\u00ed p\u0159ijela i fenka Sammer, kterou p\u0159ed \u010dasem adoptovali. Samer je kr\u00e1sn\u00e1, je na n\u00ed vid\u011bt, \u017ee se m\u00e1 dob\u0159e a je \u0161\u0165astn\u00e1. Za v\u0161echna zv\u00ed\u0159ata v \u00fatulku&#46;&#46;&#46;<\/p>\n","protected":false},"author":1,"featured_media":9805,"comment_status":"closed","ping_status":"closed","sticky":false,"template":"","format":"standard","meta":{"footnotes":"","jetpack_publicize_message":"","jetpack_publicize_feature_enabled":true,"jetpack_social_post_already_shared":false,"jetpack_social_options":{"image_generator_settings":{"template":"highway","default_image_id":0,"font":"","enabled":false},"version":2}},"categories":[51],"tags":[],"class_list":["post-9816","post","type-post","status-publish","format-standard","has-post-thumbnail","hentry","category-archiv-2023"],"jetpack_publicize_connections":[],"_links":{"self":[{"href":"https:\/\/www.psidomov.cz\/index.php?rest_route=\/wp\/v2\/posts\/9816","targetHints":{"allow":["GET"]}}],"collection":[{"href":"https:\/\/www.psidomov.cz\/index.php?rest_route=\/wp\/v2\/posts"}],"about":[{"href":"https:\/\/www.psidomov.cz\/index.php?rest_route=\/wp\/v2\/types\/post"}],"author":[{"embeddable":true,"href":"https:\/\/www.psidomov.cz\/index.php?rest_route=\/wp\/v2\/users\/1"}],"replies":[{"embeddable":true,"href":"https:\/\/www.psidomov.cz\/index.php?rest_route=%2Fwp%2Fv2%2Fcomments&post=9816"}],"version-history":[{"count":0,"href":"https:\/\/www.psidomov.cz\/index.php?rest_route=\/wp\/v2\/posts\/9816\/revisions"}],"wp:featuredmedia":[{"embeddable":true,"href":"https:\/\/www.psidomov.cz\/index.php?rest_route=\/wp\/v2\/media\/9805"}],"wp:attachment":[{"href":"https:\/\/www.psidomov.cz\/index.php?rest_route=%2Fwp%2Fv2%2Fmedia&parent=9816"}],"wp:term":[{"taxonomy":"category","embeddable":true,"href":"https:\/\/www.psidomov.cz\/index.php?rest_route=%2Fwp%2Fv2%2Fcategories&post=9816"},{"taxonomy":"post_tag","embeddable":true,"href":"https:\/\/www.psidomov.cz\/index.php?rest_route=%2Fwp%2Fv2%2Ftags&post=9816"}],"curies":[{"name":"wp","href":"https:\/\/api.w.org\/{rel}","templated":true}]}}